{"id":10715,"date":"2024-03-15T14:10:57","date_gmt":"2024-03-15T18:10:57","guid":{"rendered":"https:\/\/dev.lasik.com\/la-era-vision-pro-un-mundo-de-claridad-con-lasik\/"},"modified":"2024-07-08T08:53:14","modified_gmt":"2024-07-08T12:53:14","slug":"la-era-vision-pro-un-mundo-de-claridad-con-lasik","status":"publish","type":"post","link":"https:\/\/www.lasik.com\/es\/la-era-vision-pro-un-mundo-de-claridad-con-lasik\/","title":{"rendered":"La era Vision Pro: Un mundo de claridad con LASIK"},"content":{"rendered":"\n<h2 class=\"wp-block-heading\"><strong>Adoptando la Visi\u00f3n Pro de Apple: Una experiencia transformadora<\/strong><\/h2>\n\n<p>En el siempre cambiante mundo de la tecnolog\u00eda, Apple ha vuelto a cautivar al mundo con su innovadora Vision Pro. Este revolucionario casco de realidad mixta promete redefinir la forma en que interactuamos con los contenidos digitales, difuminando las fronteras entre los reinos virtual y f\u00edsico. Sin embargo, mientras esperamos con impaciencia la llegada de este dispositivo que cambiar\u00e1 las reglas del juego, surge una pregunta crucial: \u00bfC\u00f3mo podemos garantizar una experiencia \u00f3ptima, sin las limitaciones de los m\u00e9todos tradicionales de correcci\u00f3n visual?<\/p>\n\n<h2 class=\"wp-block-heading\">Las limitaciones de las gafas y las lentes de contacto<\/h2>\n\n<p>Para quienes dependen de gafas graduadas o lentes de contacto, la experiencia Vision Pro puede verse dificultada por las limitaciones inherentes a estas medidas correctoras. Las gafas, por ejemplo, son incompatibles con los auriculares, lo que supone una barrera importante para una inmersi\u00f3n perfecta. Aunque las lentes de contacto blandas ofrecen una soluci\u00f3n potencial, las personas que necesitan lentes duras o cosm\u00e9ticas pueden seguir encontrando dificultades, lo que puede afectar al seguimiento ocular y a la usabilidad en general.<\/p>\n\n<h2 class=\"wp-block-heading\">LASIK moderno: la clave para desbloquear la libertad visual<\/h2>\n\n<p>Introduzca el LASIK moderno, el revolucionario procedimiento de correcci\u00f3n de la visi\u00f3n con l\u00e1ser que ha transformado la vida de millones de personas en todo el mundo. Al remodelar la c\u00f3rnea, la parte frontal transparente del ojo, el LASIK moderno ofrece una soluci\u00f3n permanente a los defectos de refracci\u00f3n, como la miop\u00eda, la hipermetrop\u00eda y el astigmatismo. Con el LASIK Moderno, la necesidad de gafas o lentes de contacto pasa a ser cosa del pasado, abriendo la puerta a un mundo de claridad visual y libertad sin igual.<\/p>\n\n<h2 class=\"wp-block-heading\">Mejorar la experiencia Vision Pro<\/h2>\n\n<p>Al eliminar la necesidad de lentes correctoras, Modern LASIK permite a los usuarios sumergirse por completo en las ilimitadas posibilidades de Vision Pro. Sin las limitaciones de los m\u00e9todos tradicionales de correcci\u00f3n de la visi\u00f3n, los usuarios pueden navegar sin problemas por el reino de la realidad mixta, disfrutando de una experiencia ininterrumpida y verdaderamente transformadora.<\/p>\n\n<h2 class=\"wp-block-heading\"><strong>Precisi\u00f3n y seguridad: Avances de vanguardia en LASIK<\/strong><\/h2>\n\n<p>Los modernos procedimientos LASIK actuales son un testimonio de los notables avances en tecnolog\u00eda l\u00e1ser y precisi\u00f3n quir\u00fargica. Con equipos de \u00faltima generaci\u00f3n y cirujanos altamente cualificados, se minimiza el riesgo de complicaciones y se maximizan las posibilidades de lograr resultados visuales excepcionales.<\/p>\n\n<h2 class=\"wp-block-heading\"><strong>LASIK guiado por frente de onda: adaptado a su visi\u00f3n \u00fanica<\/strong><\/h2>\n\n<p>Una de las t\u00e9cnicas LASIK modernas m\u00e1s innovadoras, el LASIK guiado por frente de onda, lleva la correcci\u00f3n personalizada de la visi\u00f3n a nuevas cotas. Mediante la cartograf\u00eda meticulosa de las imperfecciones exclusivas del sistema \u00f3ptico del ojo, este enfoque de vanguardia garantiza un plan de tratamiento verdaderamente personalizado, que proporciona una precisi\u00f3n sin precedentes y unos resultados visuales \u00f3ptimos.<\/p>\n\n<h2 class=\"wp-block-heading\"><strong>La era Vision Pro: Un futuro de posibilidades ilimitadas<\/strong><\/h2>\n\n<p>Ahora que nos encontramos en el precipicio de la era Vision Pro, la oportunidad de adoptar el LASIK moderno se presenta como una puerta a un mundo de posibilidades ilimitadas. Al liberarnos de las limitaciones de los m\u00e9todos tradicionales de correcci\u00f3n visual, podemos sumergirnos por completo en la experiencia de la realidad mixta, abriendo un reino en el que las fronteras se difuminan y la innovaci\u00f3n no conoce l\u00edmites.<\/p>\n\n<p>Le invitamos a explorar el poder transformador del LASIK moderno, un viaje que no s\u00f3lo mejorar\u00e1 su experiencia en Vision Pro, sino que tambi\u00e9n redefinir\u00e1 su percepci\u00f3n del mundo que le rodea. Abrace el futuro con una visi\u00f3n mejorada y deje que los l\u00edmites de la realidad se desvanezcan, dando paso a un mundo en el que la imaginaci\u00f3n y la tecnolog\u00eda convergen en perfecta armon\u00eda.<\/p>\n\n<p><small><em>Fuentes:<\/em><\/small><\/p>\n\n<p><small><em>Utilizaci\u00f3n de Apple Vision Pro con graduaciones y condiciones visuales<\/em>. (2024, 6 de febrero). Soporte de Apple.  <a href=\"https:\/\/support.apple.com\/en-us\/HT213965\" rel=\"noreferrer noopener\" target=\"_blank\">https:\/\/support.apple.com\/en-us\/HT213965<\/a><\/small><\/p>\n","protected":false},"excerpt":{"rendered":"<p>Adoptando la Visi\u00f3n Pro de Apple: Una experiencia transformadora En el siempre cambiante mundo de la tecnolog\u00eda, Apple ha vuelto a cautivar al mundo con su innovadora Vision Pro. Este revolucionario casco de realidad mixta promete redefinir la forma en que interactuamos con los contenidos digitales, difuminando las fronteras entre los reinos virtual y f\u00edsico.&hellip; <a class=\"more-link\" href=\"https:\/\/www.lasik.com\/es\/la-era-vision-pro-un-mundo-de-claridad-con-lasik\/\">Sigue leyendo<\/a><\/p>\n","protected":false},"author":9,"featured_media":10073,"comment_status":"closed","ping_status":"closed","sticky":false,"template":"","format":"standard","meta":{"_acf_changed":false,"footnotes":"[]"},"categories":[123],"tags":[139,140,138],"resource-type":[152,151],"class_list":["post-10715","post","type-post","status-publish","format-standard","has-post-thumbnail","hentry","category-sin-categorizar","tag-lasik-es","tag-seguridad-lasik","tag-vision-pro-es","resource-type-estilos-de-vida","resource-type-noticias-actualizacion"],"acf":[],"yoast_head":"<!-- This site is optimized with the Yoast SEO Premium plugin v27.5 (Yoast SEO v27.5) - https:\/\/yoast.com\/product\/yoast-seo-premium-wordpress\/ -->\n<title>La era Vision Pro: Un mundo de claridad con LASIK | Sitio Oficial de LASIK.com\u2122<\/title>\n<meta name=\"description\" content=\"Libere todo el potencial de Vision Pro de Apple con Modern LASIK. Descubra c\u00f3mo LASIK revoluciona la experiencia de la realidad mixta.\" \/>\n<meta name=\"robots\" content=\"index, follow, max-snippet:-1, max-image-preview:large, max-video-preview:-1\" \/>\n<link rel=\"canonical\" href=\"https:\/\/www.lasik.com\/es\/la-era-vision-pro-un-mundo-de-claridad-con-lasik\/\" \/>\n<meta property=\"og:locale\" content=\"es_ES\" \/>\n<meta property=\"og:type\" content=\"article\" \/>\n<meta property=\"og:title\" content=\"La era Vision Pro: Un mundo de claridad con LASIK\" \/>\n<meta property=\"og:description\" content=\"Libere todo el potencial de Vision Pro de Apple con Modern LASIK. Descubra c\u00f3mo LASIK revoluciona la experiencia de la realidad mixta.\" \/>\n<meta property=\"og:url\" content=\"https:\/\/www.lasik.com\/es\/la-era-vision-pro-un-mundo-de-claridad-con-lasik\/\" \/>\n<meta property=\"og:site_name\" content=\"Sitio Oficial de LASIK.com\u2122\" \/>\n<meta property=\"article:publisher\" content=\"https:\/\/www.instagram.com\/lasik_com\/\" \/>\n<meta property=\"article:published_time\" content=\"2024-03-15T18:10:57+00:00\" \/>\n<meta property=\"article:modified_time\" content=\"2024-07-08T12:53:14+00:00\" \/>\n<meta property=\"og:image\" content=\"https:\/\/www.lasik.com\/wp-content\/uploads\/2024\/03\/romeo-a-Q9Cqgvzh298-unsplash-scaled.jpg\" \/>\n\t<meta property=\"og:image:width\" content=\"2560\" \/>\n\t<meta property=\"og:image:height\" content=\"1706\" \/>\n\t<meta property=\"og:image:type\" content=\"image\/jpeg\" \/>\n<meta name=\"author\" content=\"Shay Obrien\" \/>\n<meta name=\"twitter:card\" content=\"summary_large_image\" \/>\n<meta name=\"twitter:creator\" content=\"@lasikdotcom\" \/>\n<meta name=\"twitter:site\" content=\"@lasikdotcom\" \/>\n<script type=\"application\/ld+json\" class=\"yoast-schema-graph\">{\"@context\":\"https:\\\/\\\/schema.org\",\"@graph\":[{\"@type\":\"Article\",\"@id\":\"https:\\\/\\\/www.lasik.com\\\/es\\\/la-era-vision-pro-un-mundo-de-claridad-con-lasik\\\/#article\",\"isPartOf\":{\"@id\":\"https:\\\/\\\/www.lasik.com\\\/es\\\/la-era-vision-pro-un-mundo-de-claridad-con-lasik\\\/\"},\"author\":{\"name\":\"Shay Obrien\",\"@id\":\"https:\\\/\\\/www.lasik.com\\\/es\\\/#\\\/schema\\\/person\\\/c584d6af524ddf097154b45e3405c303\"},\"headline\":\"La era Vision Pro: Un mundo de claridad con LASIK\",\"datePublished\":\"2024-03-15T18:10:57+00:00\",\"dateModified\":\"2024-07-08T12:53:14+00:00\",\"mainEntityOfPage\":{\"@id\":\"https:\\\/\\\/www.lasik.com\\\/es\\\/la-era-vision-pro-un-mundo-de-claridad-con-lasik\\\/\"},\"wordCount\":683,\"publisher\":{\"@id\":\"https:\\\/\\\/www.lasik.com\\\/es\\\/#organization\"},\"image\":{\"@id\":\"https:\\\/\\\/www.lasik.com\\\/es\\\/la-era-vision-pro-un-mundo-de-claridad-con-lasik\\\/#primaryimage\"},\"thumbnailUrl\":\"https:\\\/\\\/www.lasik.com\\\/wp-content\\\/uploads\\\/2024\\\/03\\\/romeo-a-Q9Cqgvzh298-unsplash-scaled.jpg\",\"keywords\":[\"lasik\",\"seguridad lasik\",\"visi\u00f3n pro\"],\"articleSection\":[\"Sin categorizar\"],\"inLanguage\":\"es\",\"copyrightYear\":\"2024\",\"copyrightHolder\":{\"@id\":\"https:\\\/\\\/www.lasik.com\\\/#organization\"}},{\"@type\":\"WebPage\",\"@id\":\"https:\\\/\\\/www.lasik.com\\\/es\\\/la-era-vision-pro-un-mundo-de-claridad-con-lasik\\\/\",\"url\":\"https:\\\/\\\/www.lasik.com\\\/es\\\/la-era-vision-pro-un-mundo-de-claridad-con-lasik\\\/\",\"name\":\"La era Vision Pro: Un mundo de claridad con LASIK | Sitio Oficial de LASIK.com\u2122\",\"isPartOf\":{\"@id\":\"https:\\\/\\\/www.lasik.com\\\/es\\\/#website\"},\"primaryImageOfPage\":{\"@id\":\"https:\\\/\\\/www.lasik.com\\\/es\\\/la-era-vision-pro-un-mundo-de-claridad-con-lasik\\\/#primaryimage\"},\"image\":{\"@id\":\"https:\\\/\\\/www.lasik.com\\\/es\\\/la-era-vision-pro-un-mundo-de-claridad-con-lasik\\\/#primaryimage\"},\"thumbnailUrl\":\"https:\\\/\\\/www.lasik.com\\\/wp-content\\\/uploads\\\/2024\\\/03\\\/romeo-a-Q9Cqgvzh298-unsplash-scaled.jpg\",\"datePublished\":\"2024-03-15T18:10:57+00:00\",\"dateModified\":\"2024-07-08T12:53:14+00:00\",\"description\":\"Libere todo el potencial de Vision Pro de Apple con Modern LASIK. Descubra c\u00f3mo LASIK revoluciona la experiencia de la realidad mixta.\",\"breadcrumb\":{\"@id\":\"https:\\\/\\\/www.lasik.com\\\/es\\\/la-era-vision-pro-un-mundo-de-claridad-con-lasik\\\/#breadcrumb\"},\"inLanguage\":\"es\",\"potentialAction\":[{\"@type\":\"ReadAction\",\"target\":[\"https:\\\/\\\/www.lasik.com\\\/es\\\/la-era-vision-pro-un-mundo-de-claridad-con-lasik\\\/\"]}]},{\"@type\":\"ImageObject\",\"inLanguage\":\"es\",\"@id\":\"https:\\\/\\\/www.lasik.com\\\/es\\\/la-era-vision-pro-un-mundo-de-claridad-con-lasik\\\/#primaryimage\",\"url\":\"https:\\\/\\\/www.lasik.com\\\/wp-content\\\/uploads\\\/2024\\\/03\\\/romeo-a-Q9Cqgvzh298-unsplash-scaled.jpg\",\"contentUrl\":\"https:\\\/\\\/www.lasik.com\\\/wp-content\\\/uploads\\\/2024\\\/03\\\/romeo-a-Q9Cqgvzh298-unsplash-scaled.jpg\",\"width\":2560,\"height\":1706},{\"@type\":\"BreadcrumbList\",\"@id\":\"https:\\\/\\\/www.lasik.com\\\/es\\\/la-era-vision-pro-un-mundo-de-claridad-con-lasik\\\/#breadcrumb\",\"itemListElement\":[{\"@type\":\"ListItem\",\"position\":1,\"name\":\"Home\",\"item\":\"https:\\\/\\\/www.lasik.com\\\/es\\\/\"},{\"@type\":\"ListItem\",\"position\":2,\"name\":\"La era Vision Pro: Un mundo de claridad con LASIK\"}]},{\"@type\":\"WebSite\",\"@id\":\"https:\\\/\\\/www.lasik.com\\\/es\\\/#website\",\"url\":\"https:\\\/\\\/www.lasik.com\\\/es\\\/\",\"name\":\"LASIK\",\"description\":\"Todo LASIK. Todo en un lugar.\",\"publisher\":{\"@id\":\"https:\\\/\\\/www.lasik.com\\\/es\\\/#organization\"},\"alternateName\":\"LASIK.com Official Site\",\"potentialAction\":[{\"@type\":\"SearchAction\",\"target\":{\"@type\":\"EntryPoint\",\"urlTemplate\":\"https:\\\/\\\/www.lasik.com\\\/es\\\/?s={search_term_string}\"},\"query-input\":{\"@type\":\"PropertyValueSpecification\",\"valueRequired\":true,\"valueName\":\"search_term_string\"}}],\"inLanguage\":\"es\"},{\"@type\":\"Organization\",\"@id\":\"https:\\\/\\\/www.lasik.com\\\/es\\\/#organization\",\"name\":\"LASIK\",\"alternateName\":\"Laser-Assisted In Situ Keratomileusis\",\"url\":\"https:\\\/\\\/www.lasik.com\\\/es\\\/\",\"logo\":{\"@type\":\"ImageObject\",\"inLanguage\":\"es\",\"@id\":\"https:\\\/\\\/www.lasik.com\\\/es\\\/#\\\/schema\\\/logo\\\/image\\\/\",\"url\":\"https:\\\/\\\/www.lasik.com\\\/wp-content\\\/uploads\\\/2023\\\/06\\\/Artboard.png\",\"contentUrl\":\"https:\\\/\\\/www.lasik.com\\\/wp-content\\\/uploads\\\/2023\\\/06\\\/Artboard.png\",\"width\":500,\"height\":500,\"caption\":\"LASIK\"},\"image\":{\"@id\":\"https:\\\/\\\/www.lasik.com\\\/es\\\/#\\\/schema\\\/logo\\\/image\\\/\"},\"sameAs\":[\"https:\\\/\\\/www.instagram.com\\\/lasik_com\\\/\",\"https:\\\/\\\/x.com\\\/lasikdotcom\",\"https:\\\/\\\/www.tiktok.com\\\/@lasik.com?lang=en\"],\"description\":\"LASIK is the leading laser vision correction procedure and national organization dedicated to advancing and delivering laser vision correction. Bringing together some of the most experienced surgeons, advanced technology, and trusted practices in the industry. Rather than being just a medical procedure. LASIK.com is a full-service organization built to educate patients, set rigorous standards for care, and make modern LASIK accessible to people across the United States.\",\"legalName\":\"LASIK\",\"foundingDate\":\"1995-05-09\"},{\"@type\":\"Person\",\"@id\":\"https:\\\/\\\/www.lasik.com\\\/es\\\/#\\\/schema\\\/person\\\/c584d6af524ddf097154b45e3405c303\",\"name\":\"Shay Obrien\",\"image\":{\"@type\":\"ImageObject\",\"inLanguage\":\"es\",\"@id\":\"https:\\\/\\\/secure.gravatar.com\\\/avatar\\\/2913b4aa3b635c77add0fa8a0b36f2209b63d89fc4e790ae17569e3d1452d609?s=96&d=mm&r=g\",\"url\":\"https:\\\/\\\/secure.gravatar.com\\\/avatar\\\/2913b4aa3b635c77add0fa8a0b36f2209b63d89fc4e790ae17569e3d1452d609?s=96&d=mm&r=g\",\"contentUrl\":\"https:\\\/\\\/secure.gravatar.com\\\/avatar\\\/2913b4aa3b635c77add0fa8a0b36f2209b63d89fc4e790ae17569e3d1452d609?s=96&d=mm&r=g\",\"caption\":\"Shay Obrien\"}}]}<\/script>\n<!-- \/ Yoast SEO Premium plugin. -->","yoast_head_json":{"title":"La era Vision Pro: Un mundo de claridad con LASIK | Sitio Oficial de LASIK.com\u2122","description":"Libere todo el potencial de Vision Pro de Apple con Modern LASIK. Descubra c\u00f3mo LASIK revoluciona la experiencia de la realidad mixta.","robots":{"index":"index","follow":"follow","max-snippet":"max-snippet:-1","max-image-preview":"max-image-preview:large","max-video-preview":"max-video-preview:-1"},"canonical":"https:\/\/www.lasik.com\/es\/la-era-vision-pro-un-mundo-de-claridad-con-lasik\/","og_locale":"es_ES","og_type":"article","og_title":"La era Vision Pro: Un mundo de claridad con LASIK","og_description":"Libere todo el potencial de Vision Pro de Apple con Modern LASIK. Descubra c\u00f3mo LASIK revoluciona la experiencia de la realidad mixta.","og_url":"https:\/\/www.lasik.com\/es\/la-era-vision-pro-un-mundo-de-claridad-con-lasik\/","og_site_name":"Sitio Oficial de LASIK.com\u2122","article_publisher":"https:\/\/www.instagram.com\/lasik_com\/","article_published_time":"2024-03-15T18:10:57+00:00","article_modified_time":"2024-07-08T12:53:14+00:00","og_image":[{"width":2560,"height":1706,"url":"https:\/\/www.lasik.com\/wp-content\/uploads\/2024\/03\/romeo-a-Q9Cqgvzh298-unsplash-scaled.jpg","type":"image\/jpeg"}],"author":"Shay Obrien","twitter_card":"summary_large_image","twitter_creator":"@lasikdotcom","twitter_site":"@lasikdotcom","schema":{"@context":"https:\/\/schema.org","@graph":[{"@type":"Article","@id":"https:\/\/www.lasik.com\/es\/la-era-vision-pro-un-mundo-de-claridad-con-lasik\/#article","isPartOf":{"@id":"https:\/\/www.lasik.com\/es\/la-era-vision-pro-un-mundo-de-claridad-con-lasik\/"},"author":{"name":"Shay Obrien","@id":"https:\/\/www.lasik.com\/es\/#\/schema\/person\/c584d6af524ddf097154b45e3405c303"},"headline":"La era Vision Pro: Un mundo de claridad con LASIK","datePublished":"2024-03-15T18:10:57+00:00","dateModified":"2024-07-08T12:53:14+00:00","mainEntityOfPage":{"@id":"https:\/\/www.lasik.com\/es\/la-era-vision-pro-un-mundo-de-claridad-con-lasik\/"},"wordCount":683,"publisher":{"@id":"https:\/\/www.lasik.com\/es\/#organization"},"image":{"@id":"https:\/\/www.lasik.com\/es\/la-era-vision-pro-un-mundo-de-claridad-con-lasik\/#primaryimage"},"thumbnailUrl":"https:\/\/www.lasik.com\/wp-content\/uploads\/2024\/03\/romeo-a-Q9Cqgvzh298-unsplash-scaled.jpg","keywords":["lasik","seguridad lasik","visi\u00f3n pro"],"articleSection":["Sin categorizar"],"inLanguage":"es","copyrightYear":"2024","copyrightHolder":{"@id":"https:\/\/www.lasik.com\/#organization"}},{"@type":"WebPage","@id":"https:\/\/www.lasik.com\/es\/la-era-vision-pro-un-mundo-de-claridad-con-lasik\/","url":"https:\/\/www.lasik.com\/es\/la-era-vision-pro-un-mundo-de-claridad-con-lasik\/","name":"La era Vision Pro: Un mundo de claridad con LASIK | Sitio Oficial de LASIK.com\u2122","isPartOf":{"@id":"https:\/\/www.lasik.com\/es\/#website"},"primaryImageOfPage":{"@id":"https:\/\/www.lasik.com\/es\/la-era-vision-pro-un-mundo-de-claridad-con-lasik\/#primaryimage"},"image":{"@id":"https:\/\/www.lasik.com\/es\/la-era-vision-pro-un-mundo-de-claridad-con-lasik\/#primaryimage"},"thumbnailUrl":"https:\/\/www.lasik.com\/wp-content\/uploads\/2024\/03\/romeo-a-Q9Cqgvzh298-unsplash-scaled.jpg","datePublished":"2024-03-15T18:10:57+00:00","dateModified":"2024-07-08T12:53:14+00:00","description":"Libere todo el potencial de Vision Pro de Apple con Modern LASIK. Descubra c\u00f3mo LASIK revoluciona la experiencia de la realidad mixta.","breadcrumb":{"@id":"https:\/\/www.lasik.com\/es\/la-era-vision-pro-un-mundo-de-claridad-con-lasik\/#breadcrumb"},"inLanguage":"es","potentialAction":[{"@type":"ReadAction","target":["https:\/\/www.lasik.com\/es\/la-era-vision-pro-un-mundo-de-claridad-con-lasik\/"]}]},{"@type":"ImageObject","inLanguage":"es","@id":"https:\/\/www.lasik.com\/es\/la-era-vision-pro-un-mundo-de-claridad-con-lasik\/#primaryimage","url":"https:\/\/www.lasik.com\/wp-content\/uploads\/2024\/03\/romeo-a-Q9Cqgvzh298-unsplash-scaled.jpg","contentUrl":"https:\/\/www.lasik.com\/wp-content\/uploads\/2024\/03\/romeo-a-Q9Cqgvzh298-unsplash-scaled.jpg","width":2560,"height":1706},{"@type":"BreadcrumbList","@id":"https:\/\/www.lasik.com\/es\/la-era-vision-pro-un-mundo-de-claridad-con-lasik\/#breadcrumb","itemListElement":[{"@type":"ListItem","position":1,"name":"Home","item":"https:\/\/www.lasik.com\/es\/"},{"@type":"ListItem","position":2,"name":"La era Vision Pro: Un mundo de claridad con LASIK"}]},{"@type":"WebSite","@id":"https:\/\/www.lasik.com\/es\/#website","url":"https:\/\/www.lasik.com\/es\/","name":"LASIK","description":"Todo LASIK. Todo en un lugar.","publisher":{"@id":"https:\/\/www.lasik.com\/es\/#organization"},"alternateName":"LASIK.com Official Site","potentialAction":[{"@type":"SearchAction","target":{"@type":"EntryPoint","urlTemplate":"https:\/\/www.lasik.com\/es\/?s={search_term_string}"},"query-input":{"@type":"PropertyValueSpecification","valueRequired":true,"valueName":"search_term_string"}}],"inLanguage":"es"},{"@type":"Organization","@id":"https:\/\/www.lasik.com\/es\/#organization","name":"LASIK","alternateName":"Laser-Assisted In Situ Keratomileusis","url":"https:\/\/www.lasik.com\/es\/","logo":{"@type":"ImageObject","inLanguage":"es","@id":"https:\/\/www.lasik.com\/es\/#\/schema\/logo\/image\/","url":"https:\/\/www.lasik.com\/wp-content\/uploads\/2023\/06\/Artboard.png","contentUrl":"https:\/\/www.lasik.com\/wp-content\/uploads\/2023\/06\/Artboard.png","width":500,"height":500,"caption":"LASIK"},"image":{"@id":"https:\/\/www.lasik.com\/es\/#\/schema\/logo\/image\/"},"sameAs":["https:\/\/www.instagram.com\/lasik_com\/","https:\/\/x.com\/lasikdotcom","https:\/\/www.tiktok.com\/@lasik.com?lang=en"],"description":"LASIK is the leading laser vision correction procedure and national organization dedicated to advancing and delivering laser vision correction. Bringing together some of the most experienced surgeons, advanced technology, and trusted practices in the industry. Rather than being just a medical procedure. LASIK.com is a full-service organization built to educate patients, set rigorous standards for care, and make modern LASIK accessible to people across the United States.","legalName":"LASIK","foundingDate":"1995-05-09"},{"@type":"Person","@id":"https:\/\/www.lasik.com\/es\/#\/schema\/person\/c584d6af524ddf097154b45e3405c303","name":"Shay Obrien","image":{"@type":"ImageObject","inLanguage":"es","@id":"https:\/\/secure.gravatar.com\/avatar\/2913b4aa3b635c77add0fa8a0b36f2209b63d89fc4e790ae17569e3d1452d609?s=96&d=mm&r=g","url":"https:\/\/secure.gravatar.com\/avatar\/2913b4aa3b635c77add0fa8a0b36f2209b63d89fc4e790ae17569e3d1452d609?s=96&d=mm&r=g","contentUrl":"https:\/\/secure.gravatar.com\/avatar\/2913b4aa3b635c77add0fa8a0b36f2209b63d89fc4e790ae17569e3d1452d609?s=96&d=mm&r=g","caption":"Shay Obrien"}}]}},"_links":{"self":[{"href":"https:\/\/www.lasik.com\/es\/wp-json\/wp\/v2\/posts\/10715","targetHints":{"allow":["GET"]}}],"collection":[{"href":"https:\/\/www.lasik.com\/es\/wp-json\/wp\/v2\/posts"}],"about":[{"href":"https:\/\/www.lasik.com\/es\/wp-json\/wp\/v2\/types\/post"}],"author":[{"embeddable":true,"href":"https:\/\/www.lasik.com\/es\/wp-json\/wp\/v2\/users\/9"}],"replies":[{"embeddable":true,"href":"https:\/\/www.lasik.com\/es\/wp-json\/wp\/v2\/comments?post=10715"}],"version-history":[{"count":1,"href":"https:\/\/www.lasik.com\/es\/wp-json\/wp\/v2\/posts\/10715\/revisions"}],"predecessor-version":[{"id":10723,"href":"https:\/\/www.lasik.com\/es\/wp-json\/wp\/v2\/posts\/10715\/revisions\/10723"}],"wp:featuredmedia":[{"embeddable":true,"href":"https:\/\/www.lasik.com\/es\/wp-json\/wp\/v2\/media\/10073"}],"wp:attachment":[{"href":"https:\/\/www.lasik.com\/es\/wp-json\/wp\/v2\/media?parent=10715"}],"wp:term":[{"taxonomy":"category","embeddable":true,"href":"https:\/\/www.lasik.com\/es\/wp-json\/wp\/v2\/categories?post=10715"},{"taxonomy":"post_tag","embeddable":true,"href":"https:\/\/www.lasik.com\/es\/wp-json\/wp\/v2\/tags?post=10715"},{"taxonomy":"resource-type","embeddable":true,"href":"https:\/\/www.lasik.com\/es\/wp-json\/wp\/v2\/resource-type?post=10715"}],"curies":[{"name":"wp","href":"https:\/\/api.w.org\/{rel}","templated":true}]}}